{"id":514,"date":"2022-06-19T15:09:59","date_gmt":"2022-06-19T15:09:59","guid":{"rendered":"https:\/\/cercadelasondas.es\/?p=514"},"modified":"2022-06-19T15:09:59","modified_gmt":"2022-06-19T15:09:59","slug":"juan-jose-sanchez-ea7pyaficion-y-dedicacion-actividades-de-ure-san-fernando-1998-en-cerca-de-las-ondas","status":"publish","type":"post","link":"https:\/\/cercadelasondas.es\/?p=514","title":{"rendered":"JUAN JOS\u00c9 S\u00c1NCHEZ EA7PY,AFICION Y DEDICACION, ACTIVIDADES DE URE SAN FERNANDO 1998 EN CERCA DE LAS ONDAS"},"content":{"rendered":"<p>En este audio escuchamos la aportaci\u00f3n que el amigo y radioaficionado de Chiclana de la Frontera Juan Jos\u00e9 S\u00e1nchez, ea7py,\u00a0 hizo a Cerca de las ondas de Canal Once inform\u00e1ndonos sobre los concursos, placas permanentes y actividades de la delegaci\u00f3n de URE en San Fernando C\u00e1diz a finales de los a\u00f1os ochenta.<\/p>\n<audio class=\"wp-audio-shortcode\" id=\"audio-514-1\" preload=\"none\" style=\"width: 100%;\" controls=\"controls\"><source type=\"audio\/mpeg\" src=\"https:\/\/www.ivoox.com\/_md_83008196_wp_1.mp3?_=1\" \/><a href=\"https:\/\/www.ivoox.com\/_md_83008196_wp_1.mp3\">https:\/\/www.ivoox.com\/_md_83008196_wp_1.mp3<\/a><\/audio>\n<p><a href=\"https:\/\/go.ivoox.com\/rf\/83008196\">Ir a descargar<\/a><\/p>\n<figure id=\"attachment_515\" aria-describedby=\"caption-attachment-515\" style=\"width: 280px\" class=\"wp-caption alignnone\"><img loading=\"lazy\" decoding=\"async\" class=\"size-medium wp-image-515\" src=\"https:\/\/cercadelasondas.es\/wp-content\/uploads\/2022\/06\/ea7py-280x300.png\" alt=\"\" width=\"280\" height=\"300\" srcset=\"https:\/\/cercadelasondas.es\/wp-content\/uploads\/2022\/06\/ea7py-280x300.png 280w, https:\/\/cercadelasondas.es\/wp-content\/uploads\/2022\/06\/ea7py.png 382w\" sizes=\"auto, (max-width: 280px) 100vw, 280px\" \/><figcaption id=\"caption-attachment-515\" class=\"wp-caption-text\">Juan Jos\u00e9 S\u00e1nchez EA7PY<\/figcaption><\/figure>\n","protected":false},"excerpt":{"rendered":"<p>En este audio escuchamos la aportaci\u00f3n que el amigo y radioaficionado de Chiclana de la Frontera Juan Jos\u00e9 S\u00e1nchez, ea7py,\u00a0 hizo a Cerca de las ondas de Canal Once inform\u00e1ndonos sobre los concursos, placas permanentes y actividades de la delegaci\u00f3n de URE en San Fernando C\u00e1diz a finales de los a\u00f1os ochenta. Ir a descargar<\/p>\n","protected":false},"author":1,"featured_media":0,"comment_status":"closed","ping_status":"closed","sticky":false,"template":"","format":"standard","meta":{"footnotes":""},"categories":[4],"tags":[],"class_list":["post-514","post","type-post","status-publish","format-standard","hentry","category-cerca-de-las-ondas"],"_links":{"self":[{"href":"https:\/\/cercadelasondas.es\/index.php?rest_route=\/wp\/v2\/posts\/514","targetHints":{"allow":["GET"]}}],"collection":[{"href":"https:\/\/cercadelasondas.es\/index.php?rest_route=\/wp\/v2\/posts"}],"about":[{"href":"https:\/\/cercadelasondas.es\/index.php?rest_route=\/wp\/v2\/types\/post"}],"author":[{"embeddable":true,"href":"https:\/\/cercadelasondas.es\/index.php?rest_route=\/wp\/v2\/users\/1"}],"replies":[{"embeddable":true,"href":"https:\/\/cercadelasondas.es\/index.php?rest_route=%2Fwp%2Fv2%2Fcomments&post=514"}],"version-history":[{"count":1,"href":"https:\/\/cercadelasondas.es\/index.php?rest_route=\/wp\/v2\/posts\/514\/revisions"}],"predecessor-version":[{"id":516,"href":"https:\/\/cercadelasondas.es\/index.php?rest_route=\/wp\/v2\/posts\/514\/revisions\/516"}],"wp:attachment":[{"href":"https:\/\/cercadelasondas.es\/index.php?rest_route=%2Fwp%2Fv2%2Fmedia&parent=514"}],"wp:term":[{"taxonomy":"category","embeddable":true,"href":"https:\/\/cercadelasondas.es\/index.php?rest_route=%2Fwp%2Fv2%2Fcategories&post=514"},{"taxonomy":"post_tag","embeddable":true,"href":"https:\/\/cercadelasondas.es\/index.php?rest_route=%2Fwp%2Fv2%2Ftags&post=514"}],"curies":[{"name":"wp","href":"https:\/\/api.w.org\/{rel}","templated":true}]}}