{"id":541,"date":"2022-08-07T11:10:03","date_gmt":"2022-08-07T11:10:03","guid":{"rendered":"https:\/\/cercadelasondas.es\/?p=541"},"modified":"2022-08-07T11:23:53","modified_gmt":"2022-08-07T11:23:53","slug":"jorge-sierra-rejano-ea7fhz-actividades-en-malaga-1998-en-cerca-de-las-ondas-2","status":"publish","type":"post","link":"https:\/\/cercadelasondas.es\/?p=541","title":{"rendered":"Jorge sierra rejano ea7fhz, actividades en m\u00e1laga 1998, en cerca de las ondas"},"content":{"rendered":"<p>A finales de los a\u00f1os noventa la actividad de la banda ciudadana era fren\u00e9tica, un ciclo de buena propagaci\u00f3n trajo un repunte en las comunicaciones. Hablamos en este espacio de Cerca de las ondas de Canal Once en 1998 con Jorge Sierra Rejano ea7fhz, ahora ea7hz, de los buenos momentos y la aportaci\u00f3n de los 11 metros a la actividad y desarrollo del radioaficionado, as\u00ed como las actividades que se realizaban en M\u00e1laga en ese momento.<\/p>\n<audio class=\"wp-audio-shortcode\" id=\"audio-541-1\" preload=\"none\" style=\"width: 100%;\" controls=\"controls\"><source type=\"audio\/mpeg\" src=\"https:\/\/www.ivoox.com\/jorge-sierra-rejano-ea7fhz-actividades-malaga-1998_md_83008012_wp_1.mp3?_=1\" \/><a href=\"https:\/\/www.ivoox.com\/jorge-sierra-rejano-ea7fhz-actividades-malaga-1998_md_83008012_wp_1.mp3\">https:\/\/www.ivoox.com\/jorge-sierra-rejano-ea7fhz-actividades-malaga-1998_md_83008012_wp_1.mp3<\/a><\/audio>\n<p><a title=\"Jorge sierra rejano ea7fhz, actividades en m\u00e1laga 1998, en cerca de las ondas\" href=\"https:\/\/go.ivoox.com\/rf\/83008012\">Ir a descargar<\/a><\/p>\n<p><img loading=\"lazy\" decoding=\"async\" class=\"alignnone wp-image-547 size-medium\" src=\"https:\/\/cercadelasondas.es\/wp-content\/uploads\/2022\/08\/6450797081deeaef006ae6d7886f42a1-e1659871021472-300x285.jpg\" alt=\"EA7HZ\" width=\"300\" height=\"285\" srcset=\"https:\/\/cercadelasondas.es\/wp-content\/uploads\/2022\/08\/6450797081deeaef006ae6d7886f42a1-e1659871021472-300x285.jpg 300w, https:\/\/cercadelasondas.es\/wp-content\/uploads\/2022\/08\/6450797081deeaef006ae6d7886f42a1-e1659871021472.jpg 423w\" sizes=\"auto, (max-width: 300px) 100vw, 300px\" \/><\/p>\n<figure id=\"attachment_518\" aria-describedby=\"caption-attachment-518\" style=\"width: 300px\" class=\"wp-caption alignnone\"><img loading=\"lazy\" decoding=\"async\" class=\"size-medium wp-image-518\" src=\"https:\/\/cercadelasondas.es\/wp-content\/uploads\/2022\/06\/EA7HZ_ED9K_02-300x200.jpg\" alt=\"EA7HZ\" width=\"300\" height=\"200\" srcset=\"https:\/\/cercadelasondas.es\/wp-content\/uploads\/2022\/06\/EA7HZ_ED9K_02-300x200.jpg 300w, https:\/\/cercadelasondas.es\/wp-content\/uploads\/2022\/06\/EA7HZ_ED9K_02-768x512.jpg 768w, https:\/\/cercadelasondas.es\/wp-content\/uploads\/2022\/06\/EA7HZ_ED9K_02.jpg 800w\" sizes=\"auto, (max-width: 300px) 100vw, 300px\" \/><figcaption id=\"caption-attachment-518\" class=\"wp-caption-text\">EA7HZ<\/figcaption><\/figure>\n","protected":false},"excerpt":{"rendered":"<p>A finales de los a\u00f1os noventa la actividad de la banda ciudadana era fren\u00e9tica, un ciclo de buena propagaci\u00f3n trajo un repunte en las comunicaciones. Hablamos en este espacio de Cerca de las ondas de Canal Once en 1998 con Jorge Sierra Rejano ea7fhz, ahora ea7hz, de los buenos momentos y la aportaci\u00f3n de los &hellip; <a href=\"https:\/\/cercadelasondas.es\/?p=541\" class=\"more-link\">Seguir leyendo <span class=\"screen-reader-text\">Jorge sierra rejano ea7fhz, actividades en m\u00e1laga 1998, en cerca de las ondas<\/span> <span class=\"meta-nav\">&rarr;<\/span><\/a><\/p>\n","protected":false},"author":1,"featured_media":0,"comment_status":"closed","ping_status":"closed","sticky":false,"template":"","format":"standard","meta":{"footnotes":""},"categories":[4],"tags":[],"class_list":["post-541","post","type-post","status-publish","format-standard","hentry","category-cerca-de-las-ondas"],"_links":{"self":[{"href":"https:\/\/cercadelasondas.es\/index.php?rest_route=\/wp\/v2\/posts\/541","targetHints":{"allow":["GET"]}}],"collection":[{"href":"https:\/\/cercadelasondas.es\/index.php?rest_route=\/wp\/v2\/posts"}],"about":[{"href":"https:\/\/cercadelasondas.es\/index.php?rest_route=\/wp\/v2\/types\/post"}],"author":[{"embeddable":true,"href":"https:\/\/cercadelasondas.es\/index.php?rest_route=\/wp\/v2\/users\/1"}],"replies":[{"embeddable":true,"href":"https:\/\/cercadelasondas.es\/index.php?rest_route=%2Fwp%2Fv2%2Fcomments&post=541"}],"version-history":[{"count":8,"href":"https:\/\/cercadelasondas.es\/index.php?rest_route=\/wp\/v2\/posts\/541\/revisions"}],"predecessor-version":[{"id":552,"href":"https:\/\/cercadelasondas.es\/index.php?rest_route=\/wp\/v2\/posts\/541\/revisions\/552"}],"wp:attachment":[{"href":"https:\/\/cercadelasondas.es\/index.php?rest_route=%2Fwp%2Fv2%2Fmedia&parent=541"}],"wp:term":[{"taxonomy":"category","embeddable":true,"href":"https:\/\/cercadelasondas.es\/index.php?rest_route=%2Fwp%2Fv2%2Fcategories&post=541"},{"taxonomy":"post_tag","embeddable":true,"href":"https:\/\/cercadelasondas.es\/index.php?rest_route=%2Fwp%2Fv2%2Ftags&post=541"}],"curies":[{"name":"wp","href":"https:\/\/api.w.org\/{rel}","templated":true}]}}