{"id":553,"date":"2022-08-07T11:35:32","date_gmt":"2022-08-07T11:35:32","guid":{"rendered":"https:\/\/cercadelasondas.es\/?p=553"},"modified":"2022-08-07T11:35:32","modified_gmt":"2022-08-07T11:35:32","slug":"julio-maleno-y-jeronimo-torres-comunicaciones-digitales-1998-y-1999-en-cerca-de-las-ondas","status":"publish","type":"post","link":"https:\/\/cercadelasondas.es\/?p=553","title":{"rendered":"julio maleno y jer\u00f3nimo torres, comunicaciones digitales 1998 y 1999 en cerca de las ondas"},"content":{"rendered":"<p>Desde Almer\u00eda en los a\u00f1os 90 hablaba mucho con Julio Maleno y Jer\u00f3nimo Torres en la banda de 40 metros, ambos aportaron su conocimiento y dedicaci\u00f3n a las comunicaciones digitales en dos entrevistas concedidas a Cerca de las Ondas de Canal Once en 1998 que os dejamos aqu\u00ed por si quer\u00e9is recuperarla.<\/p>\n<audio class=\"wp-audio-shortcode\" id=\"audio-553-1\" preload=\"none\" style=\"width: 100%;\" controls=\"controls\"><source type=\"audio\/mpeg\" src=\"https:\/\/www.ivoox.com\/042-julio-maleno-jeronimo-torres-comunicaciones-digitales_md_83009770_wp_1.mp3?_=1\" \/><a href=\"https:\/\/www.ivoox.com\/042-julio-maleno-jeronimo-torres-comunicaciones-digitales_md_83009770_wp_1.mp3\">https:\/\/www.ivoox.com\/042-julio-maleno-jeronimo-torres-comunicaciones-digitales_md_83009770_wp_1.mp3<\/a><\/audio>\n<p><a title=\"042. julio maleno y jer\u00f3nimo torres, comunicaciones digitales 1998 y 1999 en cerca de las ondas\" href=\"https:\/\/go.ivoox.com\/rf\/83009770\">Ir a descargar<\/a><\/p>\n","protected":false},"excerpt":{"rendered":"<p>Desde Almer\u00eda en los a\u00f1os 90 hablaba mucho con Julio Maleno y Jer\u00f3nimo Torres en la banda de 40 metros, ambos aportaron su conocimiento y dedicaci\u00f3n a las comunicaciones digitales en dos entrevistas concedidas a Cerca de las Ondas de Canal Once en 1998 que os dejamos aqu\u00ed por si quer\u00e9is recuperarla. Ir a descargar<\/p>\n","protected":false},"author":1,"featured_media":0,"comment_status":"closed","ping_status":"closed","sticky":false,"template":"","format":"standard","meta":{"footnotes":""},"categories":[4],"tags":[],"class_list":["post-553","post","type-post","status-publish","format-standard","hentry","category-cerca-de-las-ondas"],"_links":{"self":[{"href":"https:\/\/cercadelasondas.es\/index.php?rest_route=\/wp\/v2\/posts\/553","targetHints":{"allow":["GET"]}}],"collection":[{"href":"https:\/\/cercadelasondas.es\/index.php?rest_route=\/wp\/v2\/posts"}],"about":[{"href":"https:\/\/cercadelasondas.es\/index.php?rest_route=\/wp\/v2\/types\/post"}],"author":[{"embeddable":true,"href":"https:\/\/cercadelasondas.es\/index.php?rest_route=\/wp\/v2\/users\/1"}],"replies":[{"embeddable":true,"href":"https:\/\/cercadelasondas.es\/index.php?rest_route=%2Fwp%2Fv2%2Fcomments&post=553"}],"version-history":[{"count":1,"href":"https:\/\/cercadelasondas.es\/index.php?rest_route=\/wp\/v2\/posts\/553\/revisions"}],"predecessor-version":[{"id":554,"href":"https:\/\/cercadelasondas.es\/index.php?rest_route=\/wp\/v2\/posts\/553\/revisions\/554"}],"wp:attachment":[{"href":"https:\/\/cercadelasondas.es\/index.php?rest_route=%2Fwp%2Fv2%2Fmedia&parent=553"}],"wp:term":[{"taxonomy":"category","embeddable":true,"href":"https:\/\/cercadelasondas.es\/index.php?rest_route=%2Fwp%2Fv2%2Fcategories&post=553"},{"taxonomy":"post_tag","embeddable":true,"href":"https:\/\/cercadelasondas.es\/index.php?rest_route=%2Fwp%2Fv2%2Ftags&post=553"}],"curies":[{"name":"wp","href":"https:\/\/api.w.org\/{rel}","templated":true}]}}