{"id":557,"date":"2022-08-07T11:52:37","date_gmt":"2022-08-07T11:52:37","guid":{"rendered":"https:\/\/cercadelasondas.es\/?p=557"},"modified":"2022-08-07T14:10:10","modified_gmt":"2022-08-07T14:10:10","slug":"ramon-ruiz-ea8cav-urisilva-1998-en-cerca-de-las-ondas","status":"publish","type":"post","link":"https:\/\/cercadelasondas.es\/?p=557","title":{"rendered":"Ram\u00f3n Ru\u00edz EA8CAV. Urisilva 1998 en cerca de las ondas"},"content":{"rendered":"<p>En Cerca de las Ondas conocimos las asociaciones de nuestro territorio nacional, tanto en banda ciudadana como de radioaficionados, Urisilva es una de ellas y Ram\u00f3n Ru\u00edz nos cont\u00f3 todas sus actividades en 1998.<\/p>\n<audio class=\"wp-audio-shortcode\" id=\"audio-557-1\" preload=\"none\" style=\"width: 100%;\" controls=\"controls\"><source type=\"audio\/mpeg\" src=\"https:\/\/www.ivoox.com\/034-ramon-ruiz-ea8cav-urisilva-1998-cerca_md_83009508_wp_1.mp3?_=1\" \/><a href=\"https:\/\/www.ivoox.com\/034-ramon-ruiz-ea8cav-urisilva-1998-cerca_md_83009508_wp_1.mp3\">https:\/\/www.ivoox.com\/034-ramon-ruiz-ea8cav-urisilva-1998-cerca_md_83009508_wp_1.mp3<\/a><\/audio>\n<p><a title=\"034. Ram\u00f3n Ruiz EA8CAV. Urisilva 1998 en cerca de las ondas\" href=\"https:\/\/go.ivoox.com\/rf\/83009508\">Ir a descargar<\/a><\/p>\n<p>&nbsp;<\/p>\n","protected":false},"excerpt":{"rendered":"<p>En Cerca de las Ondas conocimos las asociaciones de nuestro territorio nacional, tanto en banda ciudadana como de radioaficionados, Urisilva es una de ellas y Ram\u00f3n Ru\u00edz nos cont\u00f3 todas sus actividades en 1998. Ir a descargar &nbsp;<\/p>\n","protected":false},"author":1,"featured_media":0,"comment_status":"closed","ping_status":"closed","sticky":false,"template":"","format":"standard","meta":{"footnotes":""},"categories":[4],"tags":[],"class_list":["post-557","post","type-post","status-publish","format-standard","hentry","category-cerca-de-las-ondas"],"_links":{"self":[{"href":"https:\/\/cercadelasondas.es\/index.php?rest_route=\/wp\/v2\/posts\/557","targetHints":{"allow":["GET"]}}],"collection":[{"href":"https:\/\/cercadelasondas.es\/index.php?rest_route=\/wp\/v2\/posts"}],"about":[{"href":"https:\/\/cercadelasondas.es\/index.php?rest_route=\/wp\/v2\/types\/post"}],"author":[{"embeddable":true,"href":"https:\/\/cercadelasondas.es\/index.php?rest_route=\/wp\/v2\/users\/1"}],"replies":[{"embeddable":true,"href":"https:\/\/cercadelasondas.es\/index.php?rest_route=%2Fwp%2Fv2%2Fcomments&post=557"}],"version-history":[{"count":1,"href":"https:\/\/cercadelasondas.es\/index.php?rest_route=\/wp\/v2\/posts\/557\/revisions"}],"predecessor-version":[{"id":558,"href":"https:\/\/cercadelasondas.es\/index.php?rest_route=\/wp\/v2\/posts\/557\/revisions\/558"}],"wp:attachment":[{"href":"https:\/\/cercadelasondas.es\/index.php?rest_route=%2Fwp%2Fv2%2Fmedia&parent=557"}],"wp:term":[{"taxonomy":"category","embeddable":true,"href":"https:\/\/cercadelasondas.es\/index.php?rest_route=%2Fwp%2Fv2%2Fcategories&post=557"},{"taxonomy":"post_tag","embeddable":true,"href":"https:\/\/cercadelasondas.es\/index.php?rest_route=%2Fwp%2Fv2%2Ftags&post=557"}],"curies":[{"name":"wp","href":"https:\/\/api.w.org\/{rel}","templated":true}]}}