{"id":559,"date":"2022-08-07T12:06:27","date_gmt":"2022-08-07T12:06:27","guid":{"rendered":"https:\/\/cercadelasondas.es\/?p=559"},"modified":"2022-08-07T12:06:27","modified_gmt":"2022-08-07T12:06:27","slug":"felix-fernandez-ea1eur-premios-principe-de-asturias-1998-2004","status":"publish","type":"post","link":"https:\/\/cercadelasondas.es\/?p=559","title":{"rendered":"F\u00e9lix fern\u00e1ndez ea1eur, premios pr\u00edncipe de asturias 1998-2004"},"content":{"rendered":"<p>F\u00e9lix Fern\u00e1ndez ha organizado durante muchos a\u00f1os el reconocido concurso Premios Pr\u00edncipe de Asturias. Entre 1998 y 2004 nos fue informando en Cerca de las Ondas de la evoluci\u00f3n y cambios de este evento anual de gran importancia internacional. Aqu\u00ed os dejamos todas las intervenciones de F\u00e9lix Fern\u00e1ndez en Cerca de las Ondas.<\/p>\n<audio class=\"wp-audio-shortcode\" id=\"audio-559-1\" preload=\"none\" style=\"width: 100%;\" controls=\"controls\"><source type=\"audio\/mpeg\" src=\"https:\/\/www.ivoox.com\/_md_90765847_wp_1.mp3?_=1\" \/><a href=\"https:\/\/www.ivoox.com\/_md_90765847_wp_1.mp3\">https:\/\/www.ivoox.com\/_md_90765847_wp_1.mp3<\/a><\/audio>\n<p><a title=\"F\u00c9LIX FERN\u00c1NDEZ EA1EUR, PREMIOS PR\u00cdNCIPE DE ASTURIAS 1998-2004\" href=\"https:\/\/go.ivoox.com\/rf\/90765847\">Ir a descargar<\/a><\/p>\n<p><img loading=\"lazy\" decoding=\"async\" class=\"alignnone size-medium wp-image-560\" src=\"https:\/\/cercadelasondas.es\/wp-content\/uploads\/2022\/08\/BALCON-e1659873971249-300x203.jpg\" alt=\"\" width=\"300\" height=\"203\" srcset=\"https:\/\/cercadelasondas.es\/wp-content\/uploads\/2022\/08\/BALCON-e1659873971249-300x203.jpg 300w, https:\/\/cercadelasondas.es\/wp-content\/uploads\/2022\/08\/BALCON-e1659873971249.jpg 648w\" sizes=\"auto, (max-width: 300px) 100vw, 300px\" \/><\/p>\n","protected":false},"excerpt":{"rendered":"<p>F\u00e9lix Fern\u00e1ndez ha organizado durante muchos a\u00f1os el reconocido concurso Premios Pr\u00edncipe de Asturias. Entre 1998 y 2004 nos fue informando en Cerca de las Ondas de la evoluci\u00f3n y cambios de este evento anual de gran importancia internacional. Aqu\u00ed os dejamos todas las intervenciones de F\u00e9lix Fern\u00e1ndez en Cerca de las Ondas. Ir a &hellip; <a href=\"https:\/\/cercadelasondas.es\/?p=559\" class=\"more-link\">Seguir leyendo <span class=\"screen-reader-text\">F\u00e9lix fern\u00e1ndez ea1eur, premios pr\u00edncipe de asturias 1998-2004<\/span> <span class=\"meta-nav\">&rarr;<\/span><\/a><\/p>\n","protected":false},"author":1,"featured_media":0,"comment_status":"closed","ping_status":"closed","sticky":false,"template":"","format":"standard","meta":{"footnotes":""},"categories":[4],"tags":[],"class_list":["post-559","post","type-post","status-publish","format-standard","hentry","category-cerca-de-las-ondas"],"_links":{"self":[{"href":"https:\/\/cercadelasondas.es\/index.php?rest_route=\/wp\/v2\/posts\/559","targetHints":{"allow":["GET"]}}],"collection":[{"href":"https:\/\/cercadelasondas.es\/index.php?rest_route=\/wp\/v2\/posts"}],"about":[{"href":"https:\/\/cercadelasondas.es\/index.php?rest_route=\/wp\/v2\/types\/post"}],"author":[{"embeddable":true,"href":"https:\/\/cercadelasondas.es\/index.php?rest_route=\/wp\/v2\/users\/1"}],"replies":[{"embeddable":true,"href":"https:\/\/cercadelasondas.es\/index.php?rest_route=%2Fwp%2Fv2%2Fcomments&post=559"}],"version-history":[{"count":1,"href":"https:\/\/cercadelasondas.es\/index.php?rest_route=\/wp\/v2\/posts\/559\/revisions"}],"predecessor-version":[{"id":561,"href":"https:\/\/cercadelasondas.es\/index.php?rest_route=\/wp\/v2\/posts\/559\/revisions\/561"}],"wp:attachment":[{"href":"https:\/\/cercadelasondas.es\/index.php?rest_route=%2Fwp%2Fv2%2Fmedia&parent=559"}],"wp:term":[{"taxonomy":"category","embeddable":true,"href":"https:\/\/cercadelasondas.es\/index.php?rest_route=%2Fwp%2Fv2%2Fcategories&post=559"},{"taxonomy":"post_tag","embeddable":true,"href":"https:\/\/cercadelasondas.es\/index.php?rest_route=%2Fwp%2Fv2%2Ftags&post=559"}],"curies":[{"name":"wp","href":"https:\/\/api.w.org\/{rel}","templated":true}]}}