{"id":562,"date":"2022-08-07T14:09:32","date_gmt":"2022-08-07T14:09:32","guid":{"rendered":"https:\/\/cercadelasondas.es\/?p=562"},"modified":"2022-08-07T14:09:32","modified_gmt":"2022-08-07T14:09:32","slug":"manuel-navarro-ea7bda-fundacion-social-universal-1999-en-cerca-de-las-ondas","status":"publish","type":"post","link":"https:\/\/cercadelasondas.es\/?p=562","title":{"rendered":"manuel navarro ea7bda, fundaci\u00f3n social universal 1999 en cerca de las ondas"},"content":{"rendered":"<p>Es un radioaficionado del pueblo de Montilla en la provincia de C\u00f3rdoba, en sus \u00faltimos a\u00f1os laborales se hizo cargo de las comunicaciones en la Fundaci\u00f3n Social Universal con sede en el mismo pueblo de Montilla. En estas dos entrevistas Manolo nos habla de su vida como radioaficionado y de la experiencia \u00fanica que vivi\u00f3 coordinando las comunicaciones en la Fundaci\u00f3n.<\/p>\n<audio class=\"wp-audio-shortcode\" id=\"audio-562-1\" preload=\"none\" style=\"width: 100%;\" controls=\"controls\"><source type=\"audio\/mpeg\" src=\"https:\/\/www.ivoox.com\/044-manuel-navarro-ea7bda-fundacion-social-universal-1999_md_83009842_wp_1.mp3?_=1\" \/><a href=\"https:\/\/www.ivoox.com\/044-manuel-navarro-ea7bda-fundacion-social-universal-1999_md_83009842_wp_1.mp3\">https:\/\/www.ivoox.com\/044-manuel-navarro-ea7bda-fundacion-social-universal-1999_md_83009842_wp_1.mp3<\/a><\/audio>\n<p><a title=\"044. manuel navarro ea7bda, fundaci\u00f3n social universal 1999 en cerca de las ondas\" href=\"https:\/\/go.ivoox.com\/rf\/83009842\">Ir a descargar<\/a><\/p>\n<p>&nbsp;<\/p>\n","protected":false},"excerpt":{"rendered":"<p>Es un radioaficionado del pueblo de Montilla en la provincia de C\u00f3rdoba, en sus \u00faltimos a\u00f1os laborales se hizo cargo de las comunicaciones en la Fundaci\u00f3n Social Universal con sede en el mismo pueblo de Montilla. En estas dos entrevistas Manolo nos habla de su vida como radioaficionado y de la experiencia \u00fanica que vivi\u00f3 &hellip; <a href=\"https:\/\/cercadelasondas.es\/?p=562\" class=\"more-link\">Seguir leyendo <span class=\"screen-reader-text\">manuel navarro ea7bda, fundaci\u00f3n social universal 1999 en cerca de las ondas<\/span> <span class=\"meta-nav\">&rarr;<\/span><\/a><\/p>\n","protected":false},"author":1,"featured_media":0,"comment_status":"closed","ping_status":"closed","sticky":false,"template":"","format":"standard","meta":{"footnotes":""},"categories":[4],"tags":[],"class_list":["post-562","post","type-post","status-publish","format-standard","hentry","category-cerca-de-las-ondas"],"_links":{"self":[{"href":"https:\/\/cercadelasondas.es\/index.php?rest_route=\/wp\/v2\/posts\/562","targetHints":{"allow":["GET"]}}],"collection":[{"href":"https:\/\/cercadelasondas.es\/index.php?rest_route=\/wp\/v2\/posts"}],"about":[{"href":"https:\/\/cercadelasondas.es\/index.php?rest_route=\/wp\/v2\/types\/post"}],"author":[{"embeddable":true,"href":"https:\/\/cercadelasondas.es\/index.php?rest_route=\/wp\/v2\/users\/1"}],"replies":[{"embeddable":true,"href":"https:\/\/cercadelasondas.es\/index.php?rest_route=%2Fwp%2Fv2%2Fcomments&post=562"}],"version-history":[{"count":1,"href":"https:\/\/cercadelasondas.es\/index.php?rest_route=\/wp\/v2\/posts\/562\/revisions"}],"predecessor-version":[{"id":563,"href":"https:\/\/cercadelasondas.es\/index.php?rest_route=\/wp\/v2\/posts\/562\/revisions\/563"}],"wp:attachment":[{"href":"https:\/\/cercadelasondas.es\/index.php?rest_route=%2Fwp%2Fv2%2Fmedia&parent=562"}],"wp:term":[{"taxonomy":"category","embeddable":true,"href":"https:\/\/cercadelasondas.es\/index.php?rest_route=%2Fwp%2Fv2%2Fcategories&post=562"},{"taxonomy":"post_tag","embeddable":true,"href":"https:\/\/cercadelasondas.es\/index.php?rest_route=%2Fwp%2Fv2%2Ftags&post=562"}],"curies":[{"name":"wp","href":"https:\/\/api.w.org\/{rel}","templated":true}]}}