{"id":572,"date":"2022-08-07T15:10:19","date_gmt":"2022-08-07T15:10:19","guid":{"rendered":"https:\/\/cercadelasondas.es\/?p=572"},"modified":"2022-08-07T15:10:19","modified_gmt":"2022-08-07T15:10:19","slug":"juan-grado-y-javier-dorado-digitales-1998","status":"publish","type":"post","link":"https:\/\/cercadelasondas.es\/?p=572","title":{"rendered":"Juan Grado y Javier Dorado. Digitales 1998"},"content":{"rendered":"<p>Juan Grado y Javier Dorado son dos radioaficionados invidentes de la provincia de Sevilla amantes de las comunicaciones digitales. Ya a finales de los 90 salvaban todos los obst\u00e1culos que la inform\u00e1tica pon\u00eda en su camino para poder disfrutar de la radio plenamente como ellos deseaban. Aqu\u00ed os dejamos la entrevista que ambos concedieron a Cerca de las Ondas de Canal Once en 1998.<\/p>\n<audio class=\"wp-audio-shortcode\" id=\"audio-572-1\" preload=\"none\" style=\"width: 100%;\" controls=\"controls\"><source type=\"audio\/mpeg\" src=\"https:\/\/www.ivoox.com\/049-juan-grado-javier-dorado-digitales-1998_md_83011265_wp_1.mp3?_=1\" \/><a href=\"https:\/\/www.ivoox.com\/049-juan-grado-javier-dorado-digitales-1998_md_83011265_wp_1.mp3\">https:\/\/www.ivoox.com\/049-juan-grado-javier-dorado-digitales-1998_md_83011265_wp_1.mp3<\/a><\/audio>\n<p><a title=\"049. Juan Grado y Javier Dorado. digitales 1998\" href=\"https:\/\/go.ivoox.com\/rf\/83011265\">Ir a descargar<\/a><\/p>\n<p><img loading=\"lazy\" decoding=\"async\" class=\"alignnone  wp-image-573\" src=\"https:\/\/cercadelasondas.es\/wp-content\/uploads\/2022\/08\/CAR6WBRH-e1659885005518-194x300.jpg\" alt=\"\" width=\"271\" height=\"419\" srcset=\"https:\/\/cercadelasondas.es\/wp-content\/uploads\/2022\/08\/CAR6WBRH-e1659885005518-194x300.jpg 194w, https:\/\/cercadelasondas.es\/wp-content\/uploads\/2022\/08\/CAR6WBRH-e1659885005518-661x1024.jpg 661w, https:\/\/cercadelasondas.es\/wp-content\/uploads\/2022\/08\/CAR6WBRH-e1659885005518.jpg 736w\" sizes=\"auto, (max-width: 271px) 100vw, 271px\" \/><\/p>\n<p>&nbsp;<\/p>\n","protected":false},"excerpt":{"rendered":"<p>Juan Grado y Javier Dorado son dos radioaficionados invidentes de la provincia de Sevilla amantes de las comunicaciones digitales. Ya a finales de los 90 salvaban todos los obst\u00e1culos que la inform\u00e1tica pon\u00eda en su camino para poder disfrutar de la radio plenamente como ellos deseaban. Aqu\u00ed os dejamos la entrevista que ambos concedieron a &hellip; <a href=\"https:\/\/cercadelasondas.es\/?p=572\" class=\"more-link\">Seguir leyendo <span class=\"screen-reader-text\">Juan Grado y Javier Dorado. Digitales 1998<\/span> <span class=\"meta-nav\">&rarr;<\/span><\/a><\/p>\n","protected":false},"author":1,"featured_media":0,"comment_status":"closed","ping_status":"closed","sticky":false,"template":"","format":"standard","meta":{"footnotes":""},"categories":[4],"tags":[],"class_list":["post-572","post","type-post","status-publish","format-standard","hentry","category-cerca-de-las-ondas"],"_links":{"self":[{"href":"https:\/\/cercadelasondas.es\/index.php?rest_route=\/wp\/v2\/posts\/572","targetHints":{"allow":["GET"]}}],"collection":[{"href":"https:\/\/cercadelasondas.es\/index.php?rest_route=\/wp\/v2\/posts"}],"about":[{"href":"https:\/\/cercadelasondas.es\/index.php?rest_route=\/wp\/v2\/types\/post"}],"author":[{"embeddable":true,"href":"https:\/\/cercadelasondas.es\/index.php?rest_route=\/wp\/v2\/users\/1"}],"replies":[{"embeddable":true,"href":"https:\/\/cercadelasondas.es\/index.php?rest_route=%2Fwp%2Fv2%2Fcomments&post=572"}],"version-history":[{"count":1,"href":"https:\/\/cercadelasondas.es\/index.php?rest_route=\/wp\/v2\/posts\/572\/revisions"}],"predecessor-version":[{"id":574,"href":"https:\/\/cercadelasondas.es\/index.php?rest_route=\/wp\/v2\/posts\/572\/revisions\/574"}],"wp:attachment":[{"href":"https:\/\/cercadelasondas.es\/index.php?rest_route=%2Fwp%2Fv2%2Fmedia&parent=572"}],"wp:term":[{"taxonomy":"category","embeddable":true,"href":"https:\/\/cercadelasondas.es\/index.php?rest_route=%2Fwp%2Fv2%2Fcategories&post=572"},{"taxonomy":"post_tag","embeddable":true,"href":"https:\/\/cercadelasondas.es\/index.php?rest_route=%2Fwp%2Fv2%2Ftags&post=572"}],"curies":[{"name":"wp","href":"https:\/\/api.w.org\/{rel}","templated":true}]}}