{"id":578,"date":"2022-08-07T16:02:08","date_gmt":"2022-08-07T16:02:08","guid":{"rendered":"https:\/\/cercadelasondas.es\/?p=578"},"modified":"2022-08-07T16:02:08","modified_gmt":"2022-08-07T16:02:08","slug":"joaquin-sanchez-mercadillos-en-sevilla-1998-y-2000-en-cerca-de-las-ondas","status":"publish","type":"post","link":"https:\/\/cercadelasondas.es\/?p=578","title":{"rendered":"Joaqu\u00edn S\u00e1nchez, mercadillos en sevilla 1998 y 2000 en Cerca de las Ondas"},"content":{"rendered":"<p>En los a\u00f1os 1998 y 2000 se realiz\u00f3 en la calle Antonio de Lebrija un mercadillo en Sevilla del que nos da cuenta su promotor Joaqu\u00edn S\u00e1nchez, radioaficionado de Dos Hermanas, amante de los equipos, las antenas y de la comunicaci\u00f3n. Aqu\u00ed os dejamos la entrevista a Joaqu\u00edn y los comentarios a pie de mercadillo.<\/p>\n<audio class=\"wp-audio-shortcode\" id=\"audio-578-1\" preload=\"none\" style=\"width: 100%;\" controls=\"controls\"><source type=\"audio\/mpeg\" src=\"https:\/\/www.ivoox.com\/051-joaquin-sanchez-mercadillos-sevilla-1998-y_md_83011329_wp_1.mp3?_=1\" \/><a href=\"https:\/\/www.ivoox.com\/051-joaquin-sanchez-mercadillos-sevilla-1998-y_md_83011329_wp_1.mp3\">https:\/\/www.ivoox.com\/051-joaquin-sanchez-mercadillos-sevilla-1998-y_md_83011329_wp_1.mp3<\/a><\/audio>\n<p><a title=\"051. joaqu\u00edn s\u00e1nchez, mercadillos en sevilla 1998 y 2000 en cerca de las ondas\" href=\"https:\/\/go.ivoox.com\/rf\/83011329\">Ir a descargar<\/a><\/p>\n<p>&nbsp;<\/p>\n","protected":false},"excerpt":{"rendered":"<p>En los a\u00f1os 1998 y 2000 se realiz\u00f3 en la calle Antonio de Lebrija un mercadillo en Sevilla del que nos da cuenta su promotor Joaqu\u00edn S\u00e1nchez, radioaficionado de Dos Hermanas, amante de los equipos, las antenas y de la comunicaci\u00f3n. Aqu\u00ed os dejamos la entrevista a Joaqu\u00edn y los comentarios a pie de mercadillo. &hellip; <a href=\"https:\/\/cercadelasondas.es\/?p=578\" class=\"more-link\">Seguir leyendo <span class=\"screen-reader-text\">Joaqu\u00edn S\u00e1nchez, mercadillos en sevilla 1998 y 2000 en Cerca de las Ondas<\/span> <span class=\"meta-nav\">&rarr;<\/span><\/a><\/p>\n","protected":false},"author":1,"featured_media":0,"comment_status":"closed","ping_status":"closed","sticky":false,"template":"","format":"standard","meta":{"footnotes":""},"categories":[4],"tags":[],"class_list":["post-578","post","type-post","status-publish","format-standard","hentry","category-cerca-de-las-ondas"],"_links":{"self":[{"href":"https:\/\/cercadelasondas.es\/index.php?rest_route=\/wp\/v2\/posts\/578","targetHints":{"allow":["GET"]}}],"collection":[{"href":"https:\/\/cercadelasondas.es\/index.php?rest_route=\/wp\/v2\/posts"}],"about":[{"href":"https:\/\/cercadelasondas.es\/index.php?rest_route=\/wp\/v2\/types\/post"}],"author":[{"embeddable":true,"href":"https:\/\/cercadelasondas.es\/index.php?rest_route=\/wp\/v2\/users\/1"}],"replies":[{"embeddable":true,"href":"https:\/\/cercadelasondas.es\/index.php?rest_route=%2Fwp%2Fv2%2Fcomments&post=578"}],"version-history":[{"count":1,"href":"https:\/\/cercadelasondas.es\/index.php?rest_route=\/wp\/v2\/posts\/578\/revisions"}],"predecessor-version":[{"id":579,"href":"https:\/\/cercadelasondas.es\/index.php?rest_route=\/wp\/v2\/posts\/578\/revisions\/579"}],"wp:attachment":[{"href":"https:\/\/cercadelasondas.es\/index.php?rest_route=%2Fwp%2Fv2%2Fmedia&parent=578"}],"wp:term":[{"taxonomy":"category","embeddable":true,"href":"https:\/\/cercadelasondas.es\/index.php?rest_route=%2Fwp%2Fv2%2Fcategories&post=578"},{"taxonomy":"post_tag","embeddable":true,"href":"https:\/\/cercadelasondas.es\/index.php?rest_route=%2Fwp%2Fv2%2Ftags&post=578"}],"curies":[{"name":"wp","href":"https:\/\/api.w.org\/{rel}","templated":true}]}}