{"id":580,"date":"2022-08-07T16:09:20","date_gmt":"2022-08-07T16:09:20","guid":{"rendered":"https:\/\/cercadelasondas.es\/?p=580"},"modified":"2022-08-07T16:09:20","modified_gmt":"2022-08-07T16:09:20","slug":"antonio-corredera-ea3foj-y-juan-eb3eqc-atv-comentarios-de-equiposmercadillos-de-1998-a-2004-en-cerca-de-las-ondas","status":"publish","type":"post","link":"https:\/\/cercadelasondas.es\/?p=580","title":{"rendered":"antonio corredera ea3foj y juan eb3eqc, atv, comentarios de equipos,mercadillos de 1998 a 2004 en cerca de las ondas"},"content":{"rendered":"<p>El mercado de segunda mano siempre es una buena opci\u00f3n para mejorar tu equipo de radio sin emplear demasiado dinero. Antonio Corredera ha dedicado mucho tiempo a esta actividad a lo largo de sus a\u00f1os de radioaficionado. Compartimos con el varias entrevistas y hablamos tambi\u00e9n sobre ATV con Juan EB3EQC en compa\u00f1\u00eda de Antonio en este archivo que os dejamos para el recuerdo.<\/p>\n<audio class=\"wp-audio-shortcode\" id=\"audio-580-1\" preload=\"none\" style=\"width: 100%;\" controls=\"controls\"><source type=\"audio\/mpeg\" src=\"https:\/\/www.ivoox.com\/052-antonio-corredera-ea3foj-juan-eb3eqc-atv-comentarios_md_83011423_wp_1.mp3?_=1\" \/><a href=\"https:\/\/www.ivoox.com\/052-antonio-corredera-ea3foj-juan-eb3eqc-atv-comentarios_md_83011423_wp_1.mp3\">https:\/\/www.ivoox.com\/052-antonio-corredera-ea3foj-juan-eb3eqc-atv-comentarios_md_83011423_wp_1.mp3<\/a><\/audio>\n<p><a title=\"052.antonio corredera ea3foj y juan eb3eqc, atv, comentarios de equipos,mercadillos de 1998 a 2004 en cerca de las ondas\" href=\"https:\/\/go.ivoox.com\/rf\/83011423\">Ir a descargar<\/a><\/p>\n<p>&nbsp;<\/p>\n","protected":false},"excerpt":{"rendered":"<p>El mercado de segunda mano siempre es una buena opci\u00f3n para mejorar tu equipo de radio sin emplear demasiado dinero. Antonio Corredera ha dedicado mucho tiempo a esta actividad a lo largo de sus a\u00f1os de radioaficionado. Compartimos con el varias entrevistas y hablamos tambi\u00e9n sobre ATV con Juan EB3EQC en compa\u00f1\u00eda de Antonio en &hellip; <a href=\"https:\/\/cercadelasondas.es\/?p=580\" class=\"more-link\">Seguir leyendo <span class=\"screen-reader-text\">antonio corredera ea3foj y juan eb3eqc, atv, comentarios de equipos,mercadillos de 1998 a 2004 en cerca de las ondas<\/span> <span class=\"meta-nav\">&rarr;<\/span><\/a><\/p>\n","protected":false},"author":1,"featured_media":0,"comment_status":"closed","ping_status":"closed","sticky":false,"template":"","format":"standard","meta":{"footnotes":""},"categories":[4],"tags":[],"class_list":["post-580","post","type-post","status-publish","format-standard","hentry","category-cerca-de-las-ondas"],"_links":{"self":[{"href":"https:\/\/cercadelasondas.es\/index.php?rest_route=\/wp\/v2\/posts\/580","targetHints":{"allow":["GET"]}}],"collection":[{"href":"https:\/\/cercadelasondas.es\/index.php?rest_route=\/wp\/v2\/posts"}],"about":[{"href":"https:\/\/cercadelasondas.es\/index.php?rest_route=\/wp\/v2\/types\/post"}],"author":[{"embeddable":true,"href":"https:\/\/cercadelasondas.es\/index.php?rest_route=\/wp\/v2\/users\/1"}],"replies":[{"embeddable":true,"href":"https:\/\/cercadelasondas.es\/index.php?rest_route=%2Fwp%2Fv2%2Fcomments&post=580"}],"version-history":[{"count":1,"href":"https:\/\/cercadelasondas.es\/index.php?rest_route=\/wp\/v2\/posts\/580\/revisions"}],"predecessor-version":[{"id":581,"href":"https:\/\/cercadelasondas.es\/index.php?rest_route=\/wp\/v2\/posts\/580\/revisions\/581"}],"wp:attachment":[{"href":"https:\/\/cercadelasondas.es\/index.php?rest_route=%2Fwp%2Fv2%2Fmedia&parent=580"}],"wp:term":[{"taxonomy":"category","embeddable":true,"href":"https:\/\/cercadelasondas.es\/index.php?rest_route=%2Fwp%2Fv2%2Fcategories&post=580"},{"taxonomy":"post_tag","embeddable":true,"href":"https:\/\/cercadelasondas.es\/index.php?rest_route=%2Fwp%2Fv2%2Ftags&post=580"}],"curies":[{"name":"wp","href":"https:\/\/api.w.org\/{rel}","templated":true}]}}