{"id":582,"date":"2022-08-07T16:16:09","date_gmt":"2022-08-07T16:16:09","guid":{"rendered":"https:\/\/cercadelasondas.es\/?p=582"},"modified":"2022-08-07T16:16:09","modified_gmt":"2022-08-07T16:16:09","slug":"rafa-escolano-antenas-1998-en-cerca-de-las-ondas","status":"publish","type":"post","link":"https:\/\/cercadelasondas.es\/?p=582","title":{"rendered":"Rafa escolano, antenas 1998 en cerca de las ondas"},"content":{"rendered":"<p>Rafa Escolano es un radioaficionado de Barcelona cuyo trabajo durante una etapa de su vida fue el dise\u00f1o, montaje y colocaci\u00f3n de Antenas en viviendas y estaciones de radio. En 1998 comparti\u00f3 en nuestro programa en Cerca de las Ondas de Canal Once sus conocimientos y experiencias, aqu\u00ed os dejamos la entrevista como recuerdo.<\/p>\n<audio class=\"wp-audio-shortcode\" id=\"audio-582-1\" preload=\"none\" style=\"width: 100%;\" controls=\"controls\"><source type=\"audio\/mpeg\" src=\"https:\/\/www.ivoox.com\/053-rafa-escolano-antenas-1998-cerca-de_md_83011473_wp_1.mp3?_=1\" \/><a href=\"https:\/\/www.ivoox.com\/053-rafa-escolano-antenas-1998-cerca-de_md_83011473_wp_1.mp3\">https:\/\/www.ivoox.com\/053-rafa-escolano-antenas-1998-cerca-de_md_83011473_wp_1.mp3<\/a><\/audio>\n<p><a title=\"053. rafa escolano, antenas 1998 en cerca de las ondas\" href=\"https:\/\/go.ivoox.com\/rf\/83011473\">Ir a descargar<\/a><\/p>\n<p>&nbsp;<\/p>\n","protected":false},"excerpt":{"rendered":"<p>Rafa Escolano es un radioaficionado de Barcelona cuyo trabajo durante una etapa de su vida fue el dise\u00f1o, montaje y colocaci\u00f3n de Antenas en viviendas y estaciones de radio. En 1998 comparti\u00f3 en nuestro programa en Cerca de las Ondas de Canal Once sus conocimientos y experiencias, aqu\u00ed os dejamos la entrevista como recuerdo. Ir &hellip; <a href=\"https:\/\/cercadelasondas.es\/?p=582\" class=\"more-link\">Seguir leyendo <span class=\"screen-reader-text\">Rafa escolano, antenas 1998 en cerca de las ondas<\/span> <span class=\"meta-nav\">&rarr;<\/span><\/a><\/p>\n","protected":false},"author":1,"featured_media":0,"comment_status":"closed","ping_status":"closed","sticky":false,"template":"","format":"standard","meta":{"footnotes":""},"categories":[4],"tags":[],"class_list":["post-582","post","type-post","status-publish","format-standard","hentry","category-cerca-de-las-ondas"],"_links":{"self":[{"href":"https:\/\/cercadelasondas.es\/index.php?rest_route=\/wp\/v2\/posts\/582","targetHints":{"allow":["GET"]}}],"collection":[{"href":"https:\/\/cercadelasondas.es\/index.php?rest_route=\/wp\/v2\/posts"}],"about":[{"href":"https:\/\/cercadelasondas.es\/index.php?rest_route=\/wp\/v2\/types\/post"}],"author":[{"embeddable":true,"href":"https:\/\/cercadelasondas.es\/index.php?rest_route=\/wp\/v2\/users\/1"}],"replies":[{"embeddable":true,"href":"https:\/\/cercadelasondas.es\/index.php?rest_route=%2Fwp%2Fv2%2Fcomments&post=582"}],"version-history":[{"count":1,"href":"https:\/\/cercadelasondas.es\/index.php?rest_route=\/wp\/v2\/posts\/582\/revisions"}],"predecessor-version":[{"id":583,"href":"https:\/\/cercadelasondas.es\/index.php?rest_route=\/wp\/v2\/posts\/582\/revisions\/583"}],"wp:attachment":[{"href":"https:\/\/cercadelasondas.es\/index.php?rest_route=%2Fwp%2Fv2%2Fmedia&parent=582"}],"wp:term":[{"taxonomy":"category","embeddable":true,"href":"https:\/\/cercadelasondas.es\/index.php?rest_route=%2Fwp%2Fv2%2Fcategories&post=582"},{"taxonomy":"post_tag","embeddable":true,"href":"https:\/\/cercadelasondas.es\/index.php?rest_route=%2Fwp%2Fv2%2Ftags&post=582"}],"curies":[{"name":"wp","href":"https:\/\/api.w.org\/{rel}","templated":true}]}}