{"id":584,"date":"2022-08-07T16:23:27","date_gmt":"2022-08-07T16:23:27","guid":{"rendered":"https:\/\/cercadelasondas.es\/?p=584"},"modified":"2022-08-07T16:23:27","modified_gmt":"2022-08-07T16:23:27","slug":"juan-garcia-ea7alv-ure-cordoba-y-la-discapacidad-en-cerca-de-las-ondas","status":"publish","type":"post","link":"https:\/\/cercadelasondas.es\/?p=584","title":{"rendered":"Juan Garc\u00eda ea7alv, ure c\u00f3rdoba y la discapacidad en cerca de las ondas"},"content":{"rendered":"<p>Juan Garc\u00eda, EA7ALV, fue durante un tiempo secretario de la Uni\u00f3n de Radioaficionados de C\u00f3rdoba, en esta entrevista que concedi\u00f3 a Cerca de las Ondas de Canal Once nos habla de la relaci\u00f3n que ten\u00eda esta organizaci\u00f3n con la discapacidad, y los beneficios sociales que la radioafici\u00f3n puede aportar a este colectivo.<\/p>\n<audio class=\"wp-audio-shortcode\" id=\"audio-584-1\" preload=\"none\" style=\"width: 100%;\" controls=\"controls\"><source type=\"audio\/mpeg\" src=\"https:\/\/www.ivoox.com\/054-juan-garcia-ea7alv-ure-cordoba-la_md_83011501_wp_1.mp3?_=1\" \/><a href=\"https:\/\/www.ivoox.com\/054-juan-garcia-ea7alv-ure-cordoba-la_md_83011501_wp_1.mp3\">https:\/\/www.ivoox.com\/054-juan-garcia-ea7alv-ure-cordoba-la_md_83011501_wp_1.mp3<\/a><\/audio>\n<p><a title=\"054. juan garc\u00eda ea7alv, ure c\u00f3rdoba y la discapacidad en cerca de las ondas\" href=\"https:\/\/go.ivoox.com\/rf\/83011501\">Ir a descargar<\/a><\/p>\n<p>&nbsp;<\/p>\n","protected":false},"excerpt":{"rendered":"<p>Juan Garc\u00eda, EA7ALV, fue durante un tiempo secretario de la Uni\u00f3n de Radioaficionados de C\u00f3rdoba, en esta entrevista que concedi\u00f3 a Cerca de las Ondas de Canal Once nos habla de la relaci\u00f3n que ten\u00eda esta organizaci\u00f3n con la discapacidad, y los beneficios sociales que la radioafici\u00f3n puede aportar a este colectivo. Ir a descargar &hellip; <a href=\"https:\/\/cercadelasondas.es\/?p=584\" class=\"more-link\">Seguir leyendo <span class=\"screen-reader-text\">Juan Garc\u00eda ea7alv, ure c\u00f3rdoba y la discapacidad en cerca de las ondas<\/span> <span class=\"meta-nav\">&rarr;<\/span><\/a><\/p>\n","protected":false},"author":1,"featured_media":0,"comment_status":"closed","ping_status":"closed","sticky":false,"template":"","format":"standard","meta":{"footnotes":""},"categories":[4],"tags":[],"class_list":["post-584","post","type-post","status-publish","format-standard","hentry","category-cerca-de-las-ondas"],"_links":{"self":[{"href":"https:\/\/cercadelasondas.es\/index.php?rest_route=\/wp\/v2\/posts\/584","targetHints":{"allow":["GET"]}}],"collection":[{"href":"https:\/\/cercadelasondas.es\/index.php?rest_route=\/wp\/v2\/posts"}],"about":[{"href":"https:\/\/cercadelasondas.es\/index.php?rest_route=\/wp\/v2\/types\/post"}],"author":[{"embeddable":true,"href":"https:\/\/cercadelasondas.es\/index.php?rest_route=\/wp\/v2\/users\/1"}],"replies":[{"embeddable":true,"href":"https:\/\/cercadelasondas.es\/index.php?rest_route=%2Fwp%2Fv2%2Fcomments&post=584"}],"version-history":[{"count":1,"href":"https:\/\/cercadelasondas.es\/index.php?rest_route=\/wp\/v2\/posts\/584\/revisions"}],"predecessor-version":[{"id":585,"href":"https:\/\/cercadelasondas.es\/index.php?rest_route=\/wp\/v2\/posts\/584\/revisions\/585"}],"wp:attachment":[{"href":"https:\/\/cercadelasondas.es\/index.php?rest_route=%2Fwp%2Fv2%2Fmedia&parent=584"}],"wp:term":[{"taxonomy":"category","embeddable":true,"href":"https:\/\/cercadelasondas.es\/index.php?rest_route=%2Fwp%2Fv2%2Fcategories&post=584"},{"taxonomy":"post_tag","embeddable":true,"href":"https:\/\/cercadelasondas.es\/index.php?rest_route=%2Fwp%2Fv2%2Ftags&post=584"}],"curies":[{"name":"wp","href":"https:\/\/api.w.org\/{rel}","templated":true}]}}